{"id":2187,"date":"2026-06-17T14:06:28","date_gmt":"2026-06-17T12:06:28","guid":{"rendered":"https:\/\/stiftungjugendfoerdern.de\/video-reports-from-2026-from-the-learning-center-in-dar-es-salaam\/"},"modified":"2026-09-02T10:16:40","modified_gmt":"2026-09-02T08:16:40","slug":"video-reports-from-2026-from-the-learning-center-in-dar-es-salaam","status":"publish","type":"post","link":"https:\/\/stiftungjugendfoerdern.de\/en\/video-reports-from-2026-from-the-learning-center-in-dar-es-salaam\/","title":{"rendered":"Video reports from 2026 from the Learning Center in Dar es Salaam"},"content":{"rendered":"\t\t<div data-elementor-type=\"wp-post\" data-elementor-id=\"2187\" class=\"elementor elementor-2187 elementor-1506\" data-elementor-post-type=\"post\">\n\t\t\t\t<div class=\"elementor-element elementor-element-324f550 e-con e-atomic-element e-flexbox-base e-aa21073 \" data-id=\"324f550\" data-element_type=\"e-flexbox\" data-e-type=\"e-flexbox\" data-interaction-id=\"324f550\" data-e-type=\"e-flexbox\" data-id=\"324f550\">\n    \t\t\t<p class=\"e-paragraph-base\" data-interaction-id=\"7094c83\" data-e-type=\"widget\" data-id=\"7094c83\">Nicht vergessen d\u00fcrfen die Umst\u00e4nde, aus denen die Kinder und Jugendlichen stammen. Die H\u00fctten, in denen sie aufwuchsen: ohne Wasser und alle Familienmitglieder in einem Raum. Ohne Gesundheitsversorgung und oftmals hungrig.Umso mehr erstaunt es, wenn wir die Videoberichte sehen. Unser Lernzentrum holt die Kinder und Jugendlichen aus ihrer Not, begleitet sie in der Schule und gibt Stipendien f\u00fcr die Ausbildung nach der Schule. Dar\u00fcber hinaus gibt es jeden Monat ein besonderes Projekt.Hier die Reinigung einer Grundschule. F\u00fcr Europ\u00e4er erstaunlich, mit welcher Freude die Jugendlichen bei der Arbeit sind:<\/p>\n\t\t\n<\/div>\n<div class=\"elementor-element elementor-element-2835ded e-con e-atomic-element e-flexbox-base e-f35f7f6 \" data-id=\"2835ded\" data-element_type=\"e-flexbox\" data-e-type=\"e-flexbox\" data-interaction-id=\"2835ded\" data-e-type=\"e-flexbox\" data-id=\"2835ded\">\n    \t\t\t<div data-id=\"ba8931e\" data-interaction-id=\"ba8931e\" data-e-type=\"e-youtube\"  class=\"e-ba8931e-bd7c61c e-youtube-base\" data-e-type=\"widget\" data-id=\"ba8931e\" data-settings=\"&#x7B;&quot;source&quot;&#x3A;&quot;https&#x3A;&#x5C;&#x2F;&#x5C;&#x2F;www.youtube.com&#x5C;&#x2F;watch&#x3F;v&#x3D;fQaCim4a_Ys&quot;,&quot;autoplay&quot;&#x3A;false,&quot;mute&quot;&#x3A;false,&quot;controls&quot;&#x3A;true,&quot;cc_load_policy&quot;&#x3A;false,&quot;loop&quot;&#x3A;false,&quot;rel&quot;&#x3A;true,&quot;start&quot;&#x3A;null,&quot;end&quot;&#x3A;null,&quot;privacy&quot;&#x3A;false,&quot;lazyload&quot;&#x3A;false&#x7D;\"><\/div>\n\t\t\n<\/div>\n<div class=\"elementor-element elementor-element-6ca13ca e-con e-atomic-element e-flexbox-base e-228bbf8 \" data-id=\"6ca13ca\" data-element_type=\"e-flexbox\" data-e-type=\"e-flexbox\" data-interaction-id=\"6ca13ca\" data-e-type=\"e-flexbox\" data-id=\"6ca13ca\">\n    \t\t\t<p class=\"e-paragraph-base\" data-interaction-id=\"a6855ea\" data-e-type=\"widget\" data-id=\"a6855ea\">Im Jahr 2026 konnten wir M\u00e4dchen aus Burundi, aus dem Kongo und vom Stamm der Massai ins College bringen. In der Ferien gab es ein besonderes Sportprogramm:<\/p>\n\t\t\n<\/div>\n<div class=\"elementor-element elementor-element-7c417a1 e-con e-atomic-element e-flexbox-base e-3060c23 \" data-id=\"7c417a1\" data-element_type=\"e-flexbox\" data-e-type=\"e-flexbox\" data-interaction-id=\"7c417a1\" data-e-type=\"e-flexbox\" data-id=\"7c417a1\">\n    \t\t\t<div data-id=\"cd29147\" data-interaction-id=\"cd29147\" data-e-type=\"e-youtube\"  class=\"e-youtube-base\" data-e-type=\"widget\" data-id=\"cd29147\" data-settings=\"&#x7B;&quot;source&quot;&#x3A;&quot;https&#x3A;&#x5C;&#x2F;&#x5C;&#x2F;www.youtube.com&#x5C;&#x2F;shorts&#x5C;&#x2F;Rm3LJWrkhx8&quot;,&quot;autoplay&quot;&#x3A;false,&quot;mute&quot;&#x3A;false,&quot;controls&quot;&#x3A;true,&quot;cc_load_policy&quot;&#x3A;false,&quot;loop&quot;&#x3A;false,&quot;rel&quot;&#x3A;true,&quot;start&quot;&#x3A;null,&quot;end&quot;&#x3A;null,&quot;privacy&quot;&#x3A;false,&quot;lazyload&quot;&#x3A;false&#x7D;\"><\/div>\n\t\t\n<\/div>\n<div class=\"elementor-element elementor-element-8877b94 e-con e-atomic-element e-flexbox-base e-ee0cfde \" data-id=\"8877b94\" data-element_type=\"e-flexbox\" data-e-type=\"e-flexbox\" data-interaction-id=\"8877b94\" data-e-type=\"e-flexbox\" data-id=\"8877b94\">\n    \t\t\t<p class=\"e-paragraph-base\" data-interaction-id=\"2c54981\" data-e-type=\"widget\" data-id=\"2c54981\">Alle Stipendiaten wurden mit neuen Kleidern ausgestattet. Um ihnen ein Gef\u00fchl der W\u00fcrde und der Hoffnung zu geben, gab es einen Basar vor Schulbeginn:<\/p>\n\t\t\n<\/div>\n<div class=\"elementor-element elementor-element-0a03a23 e-con e-atomic-element e-flexbox-base e-b50f6df \" data-id=\"0a03a23\" data-element_type=\"e-flexbox\" data-e-type=\"e-flexbox\" data-interaction-id=\"0a03a23\" data-e-type=\"e-flexbox\" data-id=\"0a03a23\">\n    \t\t\t<div data-id=\"07e47d8\" data-interaction-id=\"07e47d8\" data-e-type=\"e-youtube\"  class=\"e-youtube-base\" data-e-type=\"widget\" data-id=\"07e47d8\" data-settings=\"&#x7B;&quot;source&quot;&#x3A;&quot;https&#x3A;&#x5C;&#x2F;&#x5C;&#x2F;www.youtube.com&#x5C;&#x2F;shorts&#x5C;&#x2F;geq0Ywk6w5Q&quot;,&quot;autoplay&quot;&#x3A;false,&quot;mute&quot;&#x3A;false,&quot;controls&quot;&#x3A;true,&quot;cc_load_policy&quot;&#x3A;false,&quot;loop&quot;&#x3A;false,&quot;rel&quot;&#x3A;true,&quot;start&quot;&#x3A;null,&quot;end&quot;&#x3A;null,&quot;privacy&quot;&#x3A;false,&quot;lazyload&quot;&#x3A;false&#x7D;\"><\/div>\n\t\t\n<\/div>\n\t\t<\/div>\n\t\t","protected":false},"excerpt":{"rendered":"<p>We must not forget the circumstances from which these children and young people come. The shacks where they grew up: without water, with all family members crammed into a single room. Without health care and often hungry. This makes it all the more astonishing when we watch the video reports. Our learning center rescues the [&hellip;]<\/p>\n","protected":false},"author":6,"featured_media":2188,"comment_status":"closed","ping_status":"closed","sticky":false,"template":"","format":"standard","meta":{"inline_featured_image":false,"footnotes":""},"categories":[52],"tags":[],"class_list":["post-2187","post","type-post","status-publish","format-standard","has-post-thumbnail","hentry","category-tanzania"],"yoast_head":"<!-- This site is optimized with the Yoast SEO plugin v28.4 - https:\/\/yoast.com\/product\/yoast-seo-wordpress\/ -->\n<title>Video reports from 2026 from the Learning Center in Dar es Salaam - Jugend f\u00f6rdern - Grenzen \u00fcberspringen<\/title>\n<meta name=\"robots\" content=\"index, follow, max-snippet:-1, max-image-preview:large, max-video-preview:-1\" \/>\n<link rel=\"canonical\" href=\"https:\/\/stiftungjugendfoerdern.de\/en\/video-reports-from-2026-from-the-learning-center-in-dar-es-salaam\/\" \/>\n<meta property=\"og:locale\" content=\"en_US\" \/>\n<meta property=\"og:type\" content=\"article\" \/>\n<meta property=\"og:title\" content=\"Video reports from 2026 from the Learning Center in Dar es Salaam - Jugend f\u00f6rdern - Grenzen \u00fcberspringen\" \/>\n<meta property=\"og:description\" content=\"We must not forget the circumstances from which these children and young people come. The shacks where they grew up: without water, with all family members crammed into a single room. Without health care and often hungry. This makes it all the more astonishing when we watch the video reports. Our learning center rescues the [&hellip;]\" \/>\n<meta property=\"og:url\" content=\"https:\/\/stiftungjugendfoerdern.de\/en\/video-reports-from-2026-from-the-learning-center-in-dar-es-salaam\/\" \/>\n<meta property=\"og:site_name\" content=\"Jugend f\u00f6rdern - Grenzen \u00fcberspringen\" \/>\n<meta property=\"article:published_time\" content=\"2026-06-17T12:06:28+00:00\" \/>\n<meta property=\"article:modified_time\" content=\"2026-09-02T08:16:40+00:00\" \/>\n<meta property=\"og:image\" content=\"https:\/\/stiftungjugendfoerdern.de\/wp-content\/uploads\/2026\/06\/Screenshot-2026-06-19-at-19.58.45-800x471.png\" \/>\n\t<meta property=\"og:image:width\" content=\"800\" \/>\n\t<meta property=\"og:image:height\" content=\"471\" \/>\n\t<meta property=\"og:image:type\" content=\"image\/png\" \/>\n<meta name=\"author\" content=\"P. Mulugeta Kirato\" \/>\n<meta name=\"twitter:card\" content=\"summary_large_image\" \/>\n<meta name=\"twitter:label1\" content=\"Written by\" \/>\n\t<meta name=\"twitter:data1\" content=\"P. Mulugeta Kirato\" \/>\n\t<meta name=\"twitter:label2\" content=\"Est. reading time\" \/>\n\t<meta name=\"twitter:data2\" content=\"1 minute\" \/>\n<script type=\"application\/ld+json\" class=\"yoast-schema-graph\">{\"@context\":\"https:\\\/\\\/schema.org\",\"@graph\":[{\"@type\":\"Article\",\"@id\":\"https:\\\/\\\/stiftungjugendfoerdern.de\\\/en\\\/video-reports-from-2026-from-the-learning-center-in-dar-es-salaam\\\/#article\",\"isPartOf\":{\"@id\":\"https:\\\/\\\/stiftungjugendfoerdern.de\\\/en\\\/video-reports-from-2026-from-the-learning-center-in-dar-es-salaam\\\/\"},\"author\":{\"name\":\"P. Mulugeta Kirato\",\"@id\":\"https:\\\/\\\/stiftungjugendfoerdern.de\\\/en\\\/#\\\/schema\\\/person\\\/c19d74991c4853f5dd6a3b0d0ad1cdbb\"},\"headline\":\"Video reports from 2026 from the Learning Center in Dar es Salaam\",\"datePublished\":\"2026-06-17T12:06:28+00:00\",\"dateModified\":\"2026-09-02T08:16:40+00:00\",\"mainEntityOfPage\":{\"@id\":\"https:\\\/\\\/stiftungjugendfoerdern.de\\\/en\\\/video-reports-from-2026-from-the-learning-center-in-dar-es-salaam\\\/\"},\"wordCount\":166,\"publisher\":{\"@id\":\"https:\\\/\\\/stiftungjugendfoerdern.de\\\/en\\\/#organization\"},\"image\":{\"@id\":\"https:\\\/\\\/stiftungjugendfoerdern.de\\\/en\\\/video-reports-from-2026-from-the-learning-center-in-dar-es-salaam\\\/#primaryimage\"},\"thumbnailUrl\":\"https:\\\/\\\/stiftungjugendfoerdern.de\\\/wp-content\\\/uploads\\\/2026\\\/06\\\/Screenshot-2026-06-19-at-19.58.45.png\",\"articleSection\":[\"Tanzania\"],\"inLanguage\":\"en-US\"},{\"@type\":\"WebPage\",\"@id\":\"https:\\\/\\\/stiftungjugendfoerdern.de\\\/en\\\/video-reports-from-2026-from-the-learning-center-in-dar-es-salaam\\\/\",\"url\":\"https:\\\/\\\/stiftungjugendfoerdern.de\\\/en\\\/video-reports-from-2026-from-the-learning-center-in-dar-es-salaam\\\/\",\"name\":\"Video reports from 2026 from the Learning Center in Dar es Salaam - Jugend f\u00f6rdern - Grenzen \u00fcberspringen\",\"isPartOf\":{\"@id\":\"https:\\\/\\\/stiftungjugendfoerdern.de\\\/en\\\/#website\"},\"primaryImageOfPage\":{\"@id\":\"https:\\\/\\\/stiftungjugendfoerdern.de\\\/en\\\/video-reports-from-2026-from-the-learning-center-in-dar-es-salaam\\\/#primaryimage\"},\"image\":{\"@id\":\"https:\\\/\\\/stiftungjugendfoerdern.de\\\/en\\\/video-reports-from-2026-from-the-learning-center-in-dar-es-salaam\\\/#primaryimage\"},\"thumbnailUrl\":\"https:\\\/\\\/stiftungjugendfoerdern.de\\\/wp-content\\\/uploads\\\/2026\\\/06\\\/Screenshot-2026-06-19-at-19.58.45.png\",\"datePublished\":\"2026-06-17T12:06:28+00:00\",\"dateModified\":\"2026-09-02T08:16:40+00:00\",\"breadcrumb\":{\"@id\":\"https:\\\/\\\/stiftungjugendfoerdern.de\\\/en\\\/video-reports-from-2026-from-the-learning-center-in-dar-es-salaam\\\/#breadcrumb\"},\"inLanguage\":\"en-US\",\"potentialAction\":[{\"@type\":\"ReadAction\",\"target\":[\"https:\\\/\\\/stiftungjugendfoerdern.de\\\/en\\\/video-reports-from-2026-from-the-learning-center-in-dar-es-salaam\\\/\"]}]},{\"@type\":\"ImageObject\",\"inLanguage\":\"en-US\",\"@id\":\"https:\\\/\\\/stiftungjugendfoerdern.de\\\/en\\\/video-reports-from-2026-from-the-learning-center-in-dar-es-salaam\\\/#primaryimage\",\"url\":\"https:\\\/\\\/stiftungjugendfoerdern.de\\\/wp-content\\\/uploads\\\/2026\\\/06\\\/Screenshot-2026-06-19-at-19.58.45.png\",\"contentUrl\":\"https:\\\/\\\/stiftungjugendfoerdern.de\\\/wp-content\\\/uploads\\\/2026\\\/06\\\/Screenshot-2026-06-19-at-19.58.45.png\",\"width\":1954,\"height\":1151},{\"@type\":\"BreadcrumbList\",\"@id\":\"https:\\\/\\\/stiftungjugendfoerdern.de\\\/en\\\/video-reports-from-2026-from-the-learning-center-in-dar-es-salaam\\\/#breadcrumb\",\"itemListElement\":[{\"@type\":\"ListItem\",\"position\":1,\"name\":\"Home\",\"item\":\"https:\\\/\\\/stiftungjugendfoerdern.de\\\/en\\\/home-2\\\/\"},{\"@type\":\"ListItem\",\"position\":2,\"name\":\"Video reports from 2026 from the Learning Center in Dar es Salaam\"}]},{\"@type\":\"WebSite\",\"@id\":\"https:\\\/\\\/stiftungjugendfoerdern.de\\\/en\\\/#website\",\"url\":\"https:\\\/\\\/stiftungjugendfoerdern.de\\\/en\\\/\",\"name\":\"Jugend f\u00f6rdern - Grenzen \u00fcberspringen\",\"description\":\"\",\"publisher\":{\"@id\":\"https:\\\/\\\/stiftungjugendfoerdern.de\\\/en\\\/#organization\"},\"potentialAction\":[{\"@type\":\"SearchAction\",\"target\":{\"@type\":\"EntryPoint\",\"urlTemplate\":\"https:\\\/\\\/stiftungjugendfoerdern.de\\\/en\\\/?s={search_term_string}\"},\"query-input\":{\"@type\":\"PropertyValueSpecification\",\"valueRequired\":true,\"valueName\":\"search_term_string\"}}],\"inLanguage\":\"en-US\"},{\"@type\":\"Organization\",\"@id\":\"https:\\\/\\\/stiftungjugendfoerdern.de\\\/en\\\/#organization\",\"name\":\"Jugend f\u00f6rdern - Grenzen \u00fcberspringen\",\"url\":\"https:\\\/\\\/stiftungjugendfoerdern.de\\\/en\\\/\",\"logo\":{\"@type\":\"ImageObject\",\"inLanguage\":\"en-US\",\"@id\":\"https:\\\/\\\/stiftungjugendfoerdern.de\\\/en\\\/#\\\/schema\\\/logo\\\/image\\\/\",\"url\":\"https:\\\/\\\/stiftungjugendfoerdern.de\\\/wp-content\\\/uploads\\\/2025\\\/03\\\/logo-stiftung-jugend-foerdern.svg\",\"contentUrl\":\"https:\\\/\\\/stiftungjugendfoerdern.de\\\/wp-content\\\/uploads\\\/2025\\\/03\\\/logo-stiftung-jugend-foerdern.svg\",\"width\":1062,\"height\":172,\"caption\":\"Jugend f\u00f6rdern - Grenzen \u00fcberspringen\"},\"image\":{\"@id\":\"https:\\\/\\\/stiftungjugendfoerdern.de\\\/en\\\/#\\\/schema\\\/logo\\\/image\\\/\"},\"sameAs\":[\"https:\\\/\\\/www.instagram.com\\\/martin.rupprecht.79\\\/\",\"https:\\\/\\\/www.tiktok.com\\\/@martinrupprecht4\"]},{\"@type\":\"Person\",\"@id\":\"https:\\\/\\\/stiftungjugendfoerdern.de\\\/en\\\/#\\\/schema\\\/person\\\/c19d74991c4853f5dd6a3b0d0ad1cdbb\",\"name\":\"P. Mulugeta Kirato\",\"url\":\"https:\\\/\\\/stiftungjugendfoerdern.de\\\/en\\\/author\\\/mulugeta\\\/\"}]}<\/script>\n<!-- \/ Yoast SEO plugin. -->","yoast_head_json":{"title":"Video reports from 2026 from the Learning Center in Dar es Salaam - Jugend f\u00f6rdern - Grenzen \u00fcberspringen","robots":{"index":"index","follow":"follow","max-snippet":"max-snippet:-1","max-image-preview":"max-image-preview:large","max-video-preview":"max-video-preview:-1"},"canonical":"https:\/\/stiftungjugendfoerdern.de\/en\/video-reports-from-2026-from-the-learning-center-in-dar-es-salaam\/","og_locale":"en_US","og_type":"article","og_title":"Video reports from 2026 from the Learning Center in Dar es Salaam - Jugend f\u00f6rdern - Grenzen \u00fcberspringen","og_description":"We must not forget the circumstances from which these children and young people come. The shacks where they grew up: without water, with all family members crammed into a single room. Without health care and often hungry. This makes it all the more astonishing when we watch the video reports. Our learning center rescues the [&hellip;]","og_url":"https:\/\/stiftungjugendfoerdern.de\/en\/video-reports-from-2026-from-the-learning-center-in-dar-es-salaam\/","og_site_name":"Jugend f\u00f6rdern - Grenzen \u00fcberspringen","article_published_time":"2026-06-17T12:06:28+00:00","article_modified_time":"2026-09-02T08:16:40+00:00","og_image":[{"width":800,"height":471,"url":"https:\/\/stiftungjugendfoerdern.de\/wp-content\/uploads\/2026\/06\/Screenshot-2026-06-19-at-19.58.45-800x471.png","type":"image\/png"}],"author":"P. Mulugeta Kirato","twitter_card":"summary_large_image","twitter_misc":{"Written by":"P. Mulugeta Kirato","Est. reading time":"1 minute"},"schema":{"@context":"https:\/\/schema.org","@graph":[{"@type":"Article","@id":"https:\/\/stiftungjugendfoerdern.de\/en\/video-reports-from-2026-from-the-learning-center-in-dar-es-salaam\/#article","isPartOf":{"@id":"https:\/\/stiftungjugendfoerdern.de\/en\/video-reports-from-2026-from-the-learning-center-in-dar-es-salaam\/"},"author":{"name":"P. Mulugeta Kirato","@id":"https:\/\/stiftungjugendfoerdern.de\/en\/#\/schema\/person\/c19d74991c4853f5dd6a3b0d0ad1cdbb"},"headline":"Video reports from 2026 from the Learning Center in Dar es Salaam","datePublished":"2026-06-17T12:06:28+00:00","dateModified":"2026-09-02T08:16:40+00:00","mainEntityOfPage":{"@id":"https:\/\/stiftungjugendfoerdern.de\/en\/video-reports-from-2026-from-the-learning-center-in-dar-es-salaam\/"},"wordCount":166,"publisher":{"@id":"https:\/\/stiftungjugendfoerdern.de\/en\/#organization"},"image":{"@id":"https:\/\/stiftungjugendfoerdern.de\/en\/video-reports-from-2026-from-the-learning-center-in-dar-es-salaam\/#primaryimage"},"thumbnailUrl":"https:\/\/stiftungjugendfoerdern.de\/wp-content\/uploads\/2026\/06\/Screenshot-2026-06-19-at-19.58.45.png","articleSection":["Tanzania"],"inLanguage":"en-US"},{"@type":"WebPage","@id":"https:\/\/stiftungjugendfoerdern.de\/en\/video-reports-from-2026-from-the-learning-center-in-dar-es-salaam\/","url":"https:\/\/stiftungjugendfoerdern.de\/en\/video-reports-from-2026-from-the-learning-center-in-dar-es-salaam\/","name":"Video reports from 2026 from the Learning Center in Dar es Salaam - Jugend f\u00f6rdern - Grenzen \u00fcberspringen","isPartOf":{"@id":"https:\/\/stiftungjugendfoerdern.de\/en\/#website"},"primaryImageOfPage":{"@id":"https:\/\/stiftungjugendfoerdern.de\/en\/video-reports-from-2026-from-the-learning-center-in-dar-es-salaam\/#primaryimage"},"image":{"@id":"https:\/\/stiftungjugendfoerdern.de\/en\/video-reports-from-2026-from-the-learning-center-in-dar-es-salaam\/#primaryimage"},"thumbnailUrl":"https:\/\/stiftungjugendfoerdern.de\/wp-content\/uploads\/2026\/06\/Screenshot-2026-06-19-at-19.58.45.png","datePublished":"2026-06-17T12:06:28+00:00","dateModified":"2026-09-02T08:16:40+00:00","breadcrumb":{"@id":"https:\/\/stiftungjugendfoerdern.de\/en\/video-reports-from-2026-from-the-learning-center-in-dar-es-salaam\/#breadcrumb"},"inLanguage":"en-US","potentialAction":[{"@type":"ReadAction","target":["https:\/\/stiftungjugendfoerdern.de\/en\/video-reports-from-2026-from-the-learning-center-in-dar-es-salaam\/"]}]},{"@type":"ImageObject","inLanguage":"en-US","@id":"https:\/\/stiftungjugendfoerdern.de\/en\/video-reports-from-2026-from-the-learning-center-in-dar-es-salaam\/#primaryimage","url":"https:\/\/stiftungjugendfoerdern.de\/wp-content\/uploads\/2026\/06\/Screenshot-2026-06-19-at-19.58.45.png","contentUrl":"https:\/\/stiftungjugendfoerdern.de\/wp-content\/uploads\/2026\/06\/Screenshot-2026-06-19-at-19.58.45.png","width":1954,"height":1151},{"@type":"BreadcrumbList","@id":"https:\/\/stiftungjugendfoerdern.de\/en\/video-reports-from-2026-from-the-learning-center-in-dar-es-salaam\/#breadcrumb","itemListElement":[{"@type":"ListItem","position":1,"name":"Home","item":"https:\/\/stiftungjugendfoerdern.de\/en\/home-2\/"},{"@type":"ListItem","position":2,"name":"Video reports from 2026 from the Learning Center in Dar es Salaam"}]},{"@type":"WebSite","@id":"https:\/\/stiftungjugendfoerdern.de\/en\/#website","url":"https:\/\/stiftungjugendfoerdern.de\/en\/","name":"Jugend f\u00f6rdern - Grenzen \u00fcberspringen","description":"","publisher":{"@id":"https:\/\/stiftungjugendfoerdern.de\/en\/#organization"},"potentialAction":[{"@type":"SearchAction","target":{"@type":"EntryPoint","urlTemplate":"https:\/\/stiftungjugendfoerdern.de\/en\/?s={search_term_string}"},"query-input":{"@type":"PropertyValueSpecification","valueRequired":true,"valueName":"search_term_string"}}],"inLanguage":"en-US"},{"@type":"Organization","@id":"https:\/\/stiftungjugendfoerdern.de\/en\/#organization","name":"Jugend f\u00f6rdern - Grenzen \u00fcberspringen","url":"https:\/\/stiftungjugendfoerdern.de\/en\/","logo":{"@type":"ImageObject","inLanguage":"en-US","@id":"https:\/\/stiftungjugendfoerdern.de\/en\/#\/schema\/logo\/image\/","url":"https:\/\/stiftungjugendfoerdern.de\/wp-content\/uploads\/2025\/03\/logo-stiftung-jugend-foerdern.svg","contentUrl":"https:\/\/stiftungjugendfoerdern.de\/wp-content\/uploads\/2025\/03\/logo-stiftung-jugend-foerdern.svg","width":1062,"height":172,"caption":"Jugend f\u00f6rdern - Grenzen \u00fcberspringen"},"image":{"@id":"https:\/\/stiftungjugendfoerdern.de\/en\/#\/schema\/logo\/image\/"},"sameAs":["https:\/\/www.instagram.com\/martin.rupprecht.79\/","https:\/\/www.tiktok.com\/@martinrupprecht4"]},{"@type":"Person","@id":"https:\/\/stiftungjugendfoerdern.de\/en\/#\/schema\/person\/c19d74991c4853f5dd6a3b0d0ad1cdbb","name":"P. Mulugeta Kirato","url":"https:\/\/stiftungjugendfoerdern.de\/en\/author\/mulugeta\/"}]}},"_links":{"self":[{"href":"https:\/\/stiftungjugendfoerdern.de\/en\/wp-json\/wp\/v2\/posts\/2187","targetHints":{"allow":["GET"]}}],"collection":[{"href":"https:\/\/stiftungjugendfoerdern.de\/en\/wp-json\/wp\/v2\/posts"}],"about":[{"href":"https:\/\/stiftungjugendfoerdern.de\/en\/wp-json\/wp\/v2\/types\/post"}],"author":[{"embeddable":true,"href":"https:\/\/stiftungjugendfoerdern.de\/en\/wp-json\/wp\/v2\/users\/6"}],"replies":[{"embeddable":true,"href":"https:\/\/stiftungjugendfoerdern.de\/en\/wp-json\/wp\/v2\/comments?post=2187"}],"version-history":[{"count":1,"href":"https:\/\/stiftungjugendfoerdern.de\/en\/wp-json\/wp\/v2\/posts\/2187\/revisions"}],"predecessor-version":[{"id":2189,"href":"https:\/\/stiftungjugendfoerdern.de\/en\/wp-json\/wp\/v2\/posts\/2187\/revisions\/2189"}],"wp:featuredmedia":[{"embeddable":true,"href":"https:\/\/stiftungjugendfoerdern.de\/en\/wp-json\/wp\/v2\/media\/2188"}],"wp:attachment":[{"href":"https:\/\/stiftungjugendfoerdern.de\/en\/wp-json\/wp\/v2\/media?parent=2187"}],"wp:term":[{"taxonomy":"category","embeddable":true,"href":"https:\/\/stiftungjugendfoerdern.de\/en\/wp-json\/wp\/v2\/categories?post=2187"},{"taxonomy":"post_tag","embeddable":true,"href":"https:\/\/stiftungjugendfoerdern.de\/en\/wp-json\/wp\/v2\/tags?post=2187"}],"curies":[{"name":"wp","href":"https:\/\/api.w.org\/{rel}","templated":true}]}}