{"id":2182,"date":"2026-06-17T14:09:26","date_gmt":"2026-06-17T12:09:26","guid":{"rendered":"https:\/\/stiftungjugendfoerdern.de\/international-day-of-the-african-child\/"},"modified":"2026-09-02T10:16:37","modified_gmt":"2026-09-02T08:16:37","slug":"international-day-of-the-african-child","status":"publish","type":"post","link":"https:\/\/stiftungjugendfoerdern.de\/en\/international-day-of-the-african-child\/","title":{"rendered":"International Day of the African Child"},"content":{"rendered":"\t\t<div data-elementor-type=\"wp-post\" data-elementor-id=\"2182\" class=\"elementor elementor-2182 elementor-1508\" data-elementor-post-type=\"post\">\n\t\t\t\t<div class=\"elementor-element elementor-element-4ebe5509 e-flex e-con-boxed e-con e-parent\" data-id=\"4ebe5509\" data-element_type=\"container\" data-e-type=\"container\">\n\t\t\t\t\t<div class=\"e-con-inner\">\n\t\t\t\t\t<\/div>\n\t\t\t\t<\/div>\n\t\t<div class=\"elementor-element elementor-element-8838a71 e-con e-atomic-element e-flexbox-base e-7abcc6b \" data-id=\"8838a71\" data-element_type=\"e-flexbox\" data-e-type=\"e-flexbox\" data-interaction-id=\"8838a71\" data-e-type=\"e-flexbox\" data-id=\"8838a71\">\n    \t\t\t<p class=\"e-paragraph-base\" data-interaction-id=\"a26db75\" data-e-type=\"widget\" data-id=\"a26db75\">Als das Lernzentrum vor drei Jahren zum ersten Mal diesen Tag feierte, da bereitete das Team von f\u00fcnf Personen Essen und Spiele f\u00fcr 100 Kinder vor. Im Jahr 2025 wurden 400 Kinder eingeladen, aber 800 kamen. Dieses Jahr 2026 kamen \u00fcber 1.000 Kinder und das Team von 100 Personen bereitete Essen und Spiele vor. Am meisten lieben die Kinder die Modenschau, f\u00fcr die sie selber sich etwas zusammenstellen k\u00f6nnen. Eine besondere \u00dcberraschung war die Orangenpresse, so dass jedes Kind frisch gepressten Orangensaft erhalten konnte.<\/p>\n\t\t\n<\/div>\n<div class=\"elementor-element elementor-element-e2294ab e-con e-atomic-element e-flexbox-base e-3879fe5 \" data-id=\"e2294ab\" data-element_type=\"e-flexbox\" data-e-type=\"e-flexbox\" data-interaction-id=\"e2294ab\" data-e-type=\"e-flexbox\" data-id=\"e2294ab\">\n    \t\t\t<div data-id=\"75123e0\" data-interaction-id=\"75123e0\" data-e-type=\"e-youtube\"  class=\"e-youtube-base\" data-e-type=\"widget\" data-id=\"75123e0\" data-settings=\"&#x7B;&quot;source&quot;&#x3A;&quot;https&#x3A;&#x5C;&#x2F;&#x5C;&#x2F;www.youtube.com&#x5C;&#x2F;shorts&#x5C;&#x2F;hjiC588A9R0&quot;,&quot;autoplay&quot;&#x3A;false,&quot;mute&quot;&#x3A;false,&quot;controls&quot;&#x3A;true,&quot;cc_load_policy&quot;&#x3A;false,&quot;loop&quot;&#x3A;false,&quot;rel&quot;&#x3A;true,&quot;start&quot;&#x3A;null,&quot;end&quot;&#x3A;null,&quot;privacy&quot;&#x3A;false,&quot;lazyload&quot;&#x3A;false&#x7D;\"><\/div>\n\t\t\n<\/div>\n\t\t<\/div>\n\t\t","protected":false},"excerpt":{"rendered":"<p>When the learning center celebrated this day for the first time three years ago, the team of five people prepared food and games for 100 children. In 2025, 400 children were invited, but 800 showed up. This year, in 2026, over 1,000 children came, and a team of 100 people prepared food and games. The [&hellip;]<\/p>\n","protected":false},"author":6,"featured_media":2183,"comment_status":"closed","ping_status":"closed","sticky":false,"template":"","format":"standard","meta":{"inline_featured_image":false,"footnotes":""},"categories":[52],"tags":[],"class_list":["post-2182","post","type-post","status-publish","format-standard","has-post-thumbnail","hentry","category-tanzania"],"yoast_head":"<!-- This site is optimized with the Yoast SEO plugin v28.4 - https:\/\/yoast.com\/product\/yoast-seo-wordpress\/ -->\n<title>International Day of the African Child - Jugend f\u00f6rdern - Grenzen \u00fcberspringen<\/title>\n<meta name=\"robots\" content=\"index, follow, max-snippet:-1, max-image-preview:large, max-video-preview:-1\" \/>\n<link rel=\"canonical\" href=\"https:\/\/stiftungjugendfoerdern.de\/en\/international-day-of-the-african-child\/\" \/>\n<meta property=\"og:locale\" content=\"en_US\" \/>\n<meta property=\"og:type\" content=\"article\" \/>\n<meta property=\"og:title\" content=\"International Day of the African Child - Jugend f\u00f6rdern - Grenzen \u00fcberspringen\" \/>\n<meta property=\"og:description\" content=\"When the learning center celebrated this day for the first time three years ago, the team of five people prepared food and games for 100 children. In 2025, 400 children were invited, but 800 showed up. This year, in 2026, over 1,000 children came, and a team of 100 people prepared food and games. The [&hellip;]\" \/>\n<meta property=\"og:url\" content=\"https:\/\/stiftungjugendfoerdern.de\/en\/international-day-of-the-african-child\/\" \/>\n<meta property=\"og:site_name\" content=\"Jugend f\u00f6rdern - Grenzen \u00fcberspringen\" \/>\n<meta property=\"article:published_time\" content=\"2026-06-17T12:09:26+00:00\" \/>\n<meta property=\"article:modified_time\" content=\"2026-09-02T08:16:37+00:00\" \/>\n<meta property=\"og:image\" content=\"https:\/\/stiftungjugendfoerdern.de\/wp-content\/uploads\/2026\/06\/Screenshot-2026-06-19-at-19.41.31.png\" \/>\n\t<meta property=\"og:image:width\" content=\"1960\" \/>\n\t<meta property=\"og:image:height\" content=\"1113\" \/>\n\t<meta property=\"og:image:type\" content=\"image\/png\" \/>\n<meta name=\"author\" content=\"P. Mulugeta Kirato\" \/>\n<meta name=\"twitter:card\" content=\"summary_large_image\" \/>\n<meta name=\"twitter:label1\" content=\"Written by\" \/>\n\t<meta name=\"twitter:data1\" content=\"P. Mulugeta Kirato\" \/>\n<script type=\"application\/ld+json\" class=\"yoast-schema-graph\">{\"@context\":\"https:\\\/\\\/schema.org\",\"@graph\":[{\"@type\":\"Article\",\"@id\":\"https:\\\/\\\/stiftungjugendfoerdern.de\\\/en\\\/international-day-of-the-african-child\\\/#article\",\"isPartOf\":{\"@id\":\"https:\\\/\\\/stiftungjugendfoerdern.de\\\/en\\\/international-day-of-the-african-child\\\/\"},\"author\":{\"name\":\"P. Mulugeta Kirato\",\"@id\":\"https:\\\/\\\/stiftungjugendfoerdern.de\\\/en\\\/#\\\/schema\\\/person\\\/c19d74991c4853f5dd6a3b0d0ad1cdbb\"},\"headline\":\"International Day of the African Child\",\"datePublished\":\"2026-06-17T12:09:26+00:00\",\"dateModified\":\"2026-09-02T08:16:37+00:00\",\"mainEntityOfPage\":{\"@id\":\"https:\\\/\\\/stiftungjugendfoerdern.de\\\/en\\\/international-day-of-the-african-child\\\/\"},\"wordCount\":86,\"publisher\":{\"@id\":\"https:\\\/\\\/stiftungjugendfoerdern.de\\\/en\\\/#organization\"},\"image\":{\"@id\":\"https:\\\/\\\/stiftungjugendfoerdern.de\\\/en\\\/international-day-of-the-african-child\\\/#primaryimage\"},\"thumbnailUrl\":\"https:\\\/\\\/stiftungjugendfoerdern.de\\\/wp-content\\\/uploads\\\/2026\\\/06\\\/Screenshot-2026-06-19-at-19.41.31.png\",\"articleSection\":[\"Tanzania\"],\"inLanguage\":\"en-US\"},{\"@type\":\"WebPage\",\"@id\":\"https:\\\/\\\/stiftungjugendfoerdern.de\\\/en\\\/international-day-of-the-african-child\\\/\",\"url\":\"https:\\\/\\\/stiftungjugendfoerdern.de\\\/en\\\/international-day-of-the-african-child\\\/\",\"name\":\"International Day of the African Child - Jugend f\u00f6rdern - Grenzen \u00fcberspringen\",\"isPartOf\":{\"@id\":\"https:\\\/\\\/stiftungjugendfoerdern.de\\\/en\\\/#website\"},\"primaryImageOfPage\":{\"@id\":\"https:\\\/\\\/stiftungjugendfoerdern.de\\\/en\\\/international-day-of-the-african-child\\\/#primaryimage\"},\"image\":{\"@id\":\"https:\\\/\\\/stiftungjugendfoerdern.de\\\/en\\\/international-day-of-the-african-child\\\/#primaryimage\"},\"thumbnailUrl\":\"https:\\\/\\\/stiftungjugendfoerdern.de\\\/wp-content\\\/uploads\\\/2026\\\/06\\\/Screenshot-2026-06-19-at-19.41.31.png\",\"datePublished\":\"2026-06-17T12:09:26+00:00\",\"dateModified\":\"2026-09-02T08:16:37+00:00\",\"breadcrumb\":{\"@id\":\"https:\\\/\\\/stiftungjugendfoerdern.de\\\/en\\\/international-day-of-the-african-child\\\/#breadcrumb\"},\"inLanguage\":\"en-US\",\"potentialAction\":[{\"@type\":\"ReadAction\",\"target\":[\"https:\\\/\\\/stiftungjugendfoerdern.de\\\/en\\\/international-day-of-the-african-child\\\/\"]}]},{\"@type\":\"ImageObject\",\"inLanguage\":\"en-US\",\"@id\":\"https:\\\/\\\/stiftungjugendfoerdern.de\\\/en\\\/international-day-of-the-african-child\\\/#primaryimage\",\"url\":\"https:\\\/\\\/stiftungjugendfoerdern.de\\\/wp-content\\\/uploads\\\/2026\\\/06\\\/Screenshot-2026-06-19-at-19.41.31.png\",\"contentUrl\":\"https:\\\/\\\/stiftungjugendfoerdern.de\\\/wp-content\\\/uploads\\\/2026\\\/06\\\/Screenshot-2026-06-19-at-19.41.31.png\",\"width\":1960,\"height\":1113},{\"@type\":\"BreadcrumbList\",\"@id\":\"https:\\\/\\\/stiftungjugendfoerdern.de\\\/en\\\/international-day-of-the-african-child\\\/#breadcrumb\",\"itemListElement\":[{\"@type\":\"ListItem\",\"position\":1,\"name\":\"Home\",\"item\":\"https:\\\/\\\/stiftungjugendfoerdern.de\\\/en\\\/home-2\\\/\"},{\"@type\":\"ListItem\",\"position\":2,\"name\":\"International Day of the African Child\"}]},{\"@type\":\"WebSite\",\"@id\":\"https:\\\/\\\/stiftungjugendfoerdern.de\\\/en\\\/#website\",\"url\":\"https:\\\/\\\/stiftungjugendfoerdern.de\\\/en\\\/\",\"name\":\"Jugend f\u00f6rdern - Grenzen \u00fcberspringen\",\"description\":\"\",\"publisher\":{\"@id\":\"https:\\\/\\\/stiftungjugendfoerdern.de\\\/en\\\/#organization\"},\"potentialAction\":[{\"@type\":\"SearchAction\",\"target\":{\"@type\":\"EntryPoint\",\"urlTemplate\":\"https:\\\/\\\/stiftungjugendfoerdern.de\\\/en\\\/?s={search_term_string}\"},\"query-input\":{\"@type\":\"PropertyValueSpecification\",\"valueRequired\":true,\"valueName\":\"search_term_string\"}}],\"inLanguage\":\"en-US\"},{\"@type\":\"Organization\",\"@id\":\"https:\\\/\\\/stiftungjugendfoerdern.de\\\/en\\\/#organization\",\"name\":\"Jugend f\u00f6rdern - Grenzen \u00fcberspringen\",\"url\":\"https:\\\/\\\/stiftungjugendfoerdern.de\\\/en\\\/\",\"logo\":{\"@type\":\"ImageObject\",\"inLanguage\":\"en-US\",\"@id\":\"https:\\\/\\\/stiftungjugendfoerdern.de\\\/en\\\/#\\\/schema\\\/logo\\\/image\\\/\",\"url\":\"https:\\\/\\\/stiftungjugendfoerdern.de\\\/wp-content\\\/uploads\\\/2025\\\/03\\\/logo-stiftung-jugend-foerdern.svg\",\"contentUrl\":\"https:\\\/\\\/stiftungjugendfoerdern.de\\\/wp-content\\\/uploads\\\/2025\\\/03\\\/logo-stiftung-jugend-foerdern.svg\",\"width\":1062,\"height\":172,\"caption\":\"Jugend f\u00f6rdern - Grenzen \u00fcberspringen\"},\"image\":{\"@id\":\"https:\\\/\\\/stiftungjugendfoerdern.de\\\/en\\\/#\\\/schema\\\/logo\\\/image\\\/\"},\"sameAs\":[\"https:\\\/\\\/www.instagram.com\\\/martin.rupprecht.79\\\/\",\"https:\\\/\\\/www.tiktok.com\\\/@martinrupprecht4\"]},{\"@type\":\"Person\",\"@id\":\"https:\\\/\\\/stiftungjugendfoerdern.de\\\/en\\\/#\\\/schema\\\/person\\\/c19d74991c4853f5dd6a3b0d0ad1cdbb\",\"name\":\"P. Mulugeta Kirato\",\"url\":\"https:\\\/\\\/stiftungjugendfoerdern.de\\\/en\\\/author\\\/mulugeta\\\/\"}]}<\/script>\n<!-- \/ Yoast SEO plugin. -->","yoast_head_json":{"title":"International Day of the African Child - Jugend f\u00f6rdern - Grenzen \u00fcberspringen","robots":{"index":"index","follow":"follow","max-snippet":"max-snippet:-1","max-image-preview":"max-image-preview:large","max-video-preview":"max-video-preview:-1"},"canonical":"https:\/\/stiftungjugendfoerdern.de\/en\/international-day-of-the-african-child\/","og_locale":"en_US","og_type":"article","og_title":"International Day of the African Child - Jugend f\u00f6rdern - Grenzen \u00fcberspringen","og_description":"When the learning center celebrated this day for the first time three years ago, the team of five people prepared food and games for 100 children. In 2025, 400 children were invited, but 800 showed up. This year, in 2026, over 1,000 children came, and a team of 100 people prepared food and games. The [&hellip;]","og_url":"https:\/\/stiftungjugendfoerdern.de\/en\/international-day-of-the-african-child\/","og_site_name":"Jugend f\u00f6rdern - Grenzen \u00fcberspringen","article_published_time":"2026-06-17T12:09:26+00:00","article_modified_time":"2026-09-02T08:16:37+00:00","og_image":[{"width":1960,"height":1113,"url":"https:\/\/stiftungjugendfoerdern.de\/wp-content\/uploads\/2026\/06\/Screenshot-2026-06-19-at-19.41.31.png","type":"image\/png"}],"author":"P. Mulugeta Kirato","twitter_card":"summary_large_image","twitter_misc":{"Written by":"P. Mulugeta Kirato"},"schema":{"@context":"https:\/\/schema.org","@graph":[{"@type":"Article","@id":"https:\/\/stiftungjugendfoerdern.de\/en\/international-day-of-the-african-child\/#article","isPartOf":{"@id":"https:\/\/stiftungjugendfoerdern.de\/en\/international-day-of-the-african-child\/"},"author":{"name":"P. Mulugeta Kirato","@id":"https:\/\/stiftungjugendfoerdern.de\/en\/#\/schema\/person\/c19d74991c4853f5dd6a3b0d0ad1cdbb"},"headline":"International Day of the African Child","datePublished":"2026-06-17T12:09:26+00:00","dateModified":"2026-09-02T08:16:37+00:00","mainEntityOfPage":{"@id":"https:\/\/stiftungjugendfoerdern.de\/en\/international-day-of-the-african-child\/"},"wordCount":86,"publisher":{"@id":"https:\/\/stiftungjugendfoerdern.de\/en\/#organization"},"image":{"@id":"https:\/\/stiftungjugendfoerdern.de\/en\/international-day-of-the-african-child\/#primaryimage"},"thumbnailUrl":"https:\/\/stiftungjugendfoerdern.de\/wp-content\/uploads\/2026\/06\/Screenshot-2026-06-19-at-19.41.31.png","articleSection":["Tanzania"],"inLanguage":"en-US"},{"@type":"WebPage","@id":"https:\/\/stiftungjugendfoerdern.de\/en\/international-day-of-the-african-child\/","url":"https:\/\/stiftungjugendfoerdern.de\/en\/international-day-of-the-african-child\/","name":"International Day of the African Child - Jugend f\u00f6rdern - Grenzen \u00fcberspringen","isPartOf":{"@id":"https:\/\/stiftungjugendfoerdern.de\/en\/#website"},"primaryImageOfPage":{"@id":"https:\/\/stiftungjugendfoerdern.de\/en\/international-day-of-the-african-child\/#primaryimage"},"image":{"@id":"https:\/\/stiftungjugendfoerdern.de\/en\/international-day-of-the-african-child\/#primaryimage"},"thumbnailUrl":"https:\/\/stiftungjugendfoerdern.de\/wp-content\/uploads\/2026\/06\/Screenshot-2026-06-19-at-19.41.31.png","datePublished":"2026-06-17T12:09:26+00:00","dateModified":"2026-09-02T08:16:37+00:00","breadcrumb":{"@id":"https:\/\/stiftungjugendfoerdern.de\/en\/international-day-of-the-african-child\/#breadcrumb"},"inLanguage":"en-US","potentialAction":[{"@type":"ReadAction","target":["https:\/\/stiftungjugendfoerdern.de\/en\/international-day-of-the-african-child\/"]}]},{"@type":"ImageObject","inLanguage":"en-US","@id":"https:\/\/stiftungjugendfoerdern.de\/en\/international-day-of-the-african-child\/#primaryimage","url":"https:\/\/stiftungjugendfoerdern.de\/wp-content\/uploads\/2026\/06\/Screenshot-2026-06-19-at-19.41.31.png","contentUrl":"https:\/\/stiftungjugendfoerdern.de\/wp-content\/uploads\/2026\/06\/Screenshot-2026-06-19-at-19.41.31.png","width":1960,"height":1113},{"@type":"BreadcrumbList","@id":"https:\/\/stiftungjugendfoerdern.de\/en\/international-day-of-the-african-child\/#breadcrumb","itemListElement":[{"@type":"ListItem","position":1,"name":"Home","item":"https:\/\/stiftungjugendfoerdern.de\/en\/home-2\/"},{"@type":"ListItem","position":2,"name":"International Day of the African Child"}]},{"@type":"WebSite","@id":"https:\/\/stiftungjugendfoerdern.de\/en\/#website","url":"https:\/\/stiftungjugendfoerdern.de\/en\/","name":"Jugend f\u00f6rdern - Grenzen \u00fcberspringen","description":"","publisher":{"@id":"https:\/\/stiftungjugendfoerdern.de\/en\/#organization"},"potentialAction":[{"@type":"SearchAction","target":{"@type":"EntryPoint","urlTemplate":"https:\/\/stiftungjugendfoerdern.de\/en\/?s={search_term_string}"},"query-input":{"@type":"PropertyValueSpecification","valueRequired":true,"valueName":"search_term_string"}}],"inLanguage":"en-US"},{"@type":"Organization","@id":"https:\/\/stiftungjugendfoerdern.de\/en\/#organization","name":"Jugend f\u00f6rdern - Grenzen \u00fcberspringen","url":"https:\/\/stiftungjugendfoerdern.de\/en\/","logo":{"@type":"ImageObject","inLanguage":"en-US","@id":"https:\/\/stiftungjugendfoerdern.de\/en\/#\/schema\/logo\/image\/","url":"https:\/\/stiftungjugendfoerdern.de\/wp-content\/uploads\/2025\/03\/logo-stiftung-jugend-foerdern.svg","contentUrl":"https:\/\/stiftungjugendfoerdern.de\/wp-content\/uploads\/2025\/03\/logo-stiftung-jugend-foerdern.svg","width":1062,"height":172,"caption":"Jugend f\u00f6rdern - Grenzen \u00fcberspringen"},"image":{"@id":"https:\/\/stiftungjugendfoerdern.de\/en\/#\/schema\/logo\/image\/"},"sameAs":["https:\/\/www.instagram.com\/martin.rupprecht.79\/","https:\/\/www.tiktok.com\/@martinrupprecht4"]},{"@type":"Person","@id":"https:\/\/stiftungjugendfoerdern.de\/en\/#\/schema\/person\/c19d74991c4853f5dd6a3b0d0ad1cdbb","name":"P. Mulugeta Kirato","url":"https:\/\/stiftungjugendfoerdern.de\/en\/author\/mulugeta\/"}]}},"_links":{"self":[{"href":"https:\/\/stiftungjugendfoerdern.de\/en\/wp-json\/wp\/v2\/posts\/2182","targetHints":{"allow":["GET"]}}],"collection":[{"href":"https:\/\/stiftungjugendfoerdern.de\/en\/wp-json\/wp\/v2\/posts"}],"about":[{"href":"https:\/\/stiftungjugendfoerdern.de\/en\/wp-json\/wp\/v2\/types\/post"}],"author":[{"embeddable":true,"href":"https:\/\/stiftungjugendfoerdern.de\/en\/wp-json\/wp\/v2\/users\/6"}],"replies":[{"embeddable":true,"href":"https:\/\/stiftungjugendfoerdern.de\/en\/wp-json\/wp\/v2\/comments?post=2182"}],"version-history":[{"count":1,"href":"https:\/\/stiftungjugendfoerdern.de\/en\/wp-json\/wp\/v2\/posts\/2182\/revisions"}],"predecessor-version":[{"id":2184,"href":"https:\/\/stiftungjugendfoerdern.de\/en\/wp-json\/wp\/v2\/posts\/2182\/revisions\/2184"}],"wp:featuredmedia":[{"embeddable":true,"href":"https:\/\/stiftungjugendfoerdern.de\/en\/wp-json\/wp\/v2\/media\/2183"}],"wp:attachment":[{"href":"https:\/\/stiftungjugendfoerdern.de\/en\/wp-json\/wp\/v2\/media?parent=2182"}],"wp:term":[{"taxonomy":"category","embeddable":true,"href":"https:\/\/stiftungjugendfoerdern.de\/en\/wp-json\/wp\/v2\/categories?post=2182"},{"taxonomy":"post_tag","embeddable":true,"href":"https:\/\/stiftungjugendfoerdern.de\/en\/wp-json\/wp\/v2\/tags?post=2182"}],"curies":[{"name":"wp","href":"https:\/\/api.w.org\/{rel}","templated":true}]}}